{"id":237,"date":"2013-05-16T09:11:08","date_gmt":"2013-05-16T09:11:08","guid":{"rendered":"http:\/\/www.burnspage.de\/partnerschaft\/wordpress\/?p=237"},"modified":"2014-02-23T20:02:54","modified_gmt":"2014-02-23T20:02:54","slug":"reise-der-bruhler-delegation-zu-den-franzosischen-freunden","status":"publish","type":"post","link":"http:\/\/www.bruehler-staedtefreundschaften.de\/?p=237","title":{"rendered":"Reise der Br\u00fchler Delegation zu den franz\u00f6sischen Freunden"},"content":{"rendered":"<div align=\"justify\">Am 17. April reisten 35 Mitglieder des F\u00f6rdervereins f\u00fcr die St\u00e4dtepartnerschaft im bequemen Reisebus der Firma Hee\u00df aus Troisdorf nach Frankreich um den Besuch der Partnerstadt aus dem vorigen Jahr zu erwidern. Organisiert hatte die Reise traditionsgem\u00e4\u00df der Vorsitzende Hans Georg Wilhelm mit Unterst\u00fctzung von Frau Rosemarie Klemm, die auch die \u00dcbersetzung der offiziellen Reden glanzvoll meisterte. Die Zwischenstation fand in Epernay in der Chapangne statt, wo wir die Kellerei Mercier\u00a0besuchten.<\/p>\n<div align=\"center\">\n<a href=\"wp-content\/uploads\/2013\/06\/Sceauxfahrt042013-Bild1.jpg\"><img decoding=\"async\" loading=\"lazy\" class=\"size-thumbnail wp-image-239\" title=\"Sceaux 2013 Bild 1\" src=\"wp-content\/uploads\/2013\/06\/Sceauxfahrt042013-Bild1-150x150.jpg\" alt=\"\" width=\"150\" height=\"150\" \/><\/a><a href=\"wp-content\/uploads\/2013\/06\/Sceauxfahrt042013-Bild2.jpg\"><img decoding=\"async\" loading=\"lazy\" class=\"size-thumbnail wp-image-240\" title=\"Sceaux 2013 Bild 2\" src=\"wp-content\/uploads\/2013\/06\/Sceauxfahrt042013-Bild2-150x150.jpg\" alt=\"\" width=\"150\" height=\"150\" \/><\/a><a href=\"wp-content\/uploads\/2013\/06\/Sceauxfahrt042013-Bild3.jpg\"><img decoding=\"async\" loading=\"lazy\" title=\"Sceaux 2013 Bild 3\" src=\"wp-content\/uploads\/2013\/06\/Sceauxfahrt042013-Bild3-150x150.jpg\" alt=\"\" width=\"150\" height=\"150\" \/><\/a><\/p>\n<\/div>\n<p>&lt; p style=&#8220;text-align: left;&#8220;&gt;Dort waren gegen Ende des 19.Jahrhunderts ca. 100 km Felseng\u00e4nge in den Kalkstein gegraben worden, in denen nun die Produktion des Champagners stattfindet. Der Clou war eine Bahn, die ohne Schienen und ohne Fahrer von Laserstrahlen geleitet die Besucher auf der Besichtigungstour durch die Kellerei transportierte. Abends p\u00fcnktlich in Sceaux angekommen, wurden wir auf das Herzlichste von den Gastgebern, an der Spitze der\u00a0 Vorsitzende Jack Bont\u00e9, empfangen. In den n\u00e4chsten Tagen eilten wir von kulturellem H\u00f6hepunkt zu H\u00f6hepunkt.<\/p>\n<p><a href=\"wp-content\/uploads\/2013\/06\/Giverny.Bild4a.jpg\"><img decoding=\"async\" loading=\"lazy\" class=\"alignnone  wp-image-245\" title=\"Sceaux 2013 Bild 4a\" src=\"wp-content\/uploads\/2013\/06\/Giverny.Bild4a-150x150.jpg\" alt=\"\" width=\"135\" height=\"135\" \/><\/a><a href=\"wp-content\/uploads\/2013\/06\/Sceauxfahrt042013-Bild4b.jpg\"><img decoding=\"async\" loading=\"lazy\" class=\"alignnone  wp-image-246\" title=\"Sceaux 2013 Bild 4b\" src=\"wp-content\/uploads\/2013\/06\/Sceauxfahrt042013-Bild4b-150x150.jpg\" alt=\"\" width=\"135\" height=\"135\" \/><\/a><a href=\"wp-content\/uploads\/2013\/06\/Sceauxfahrt042013-Bild5.jpg\"><img decoding=\"async\" loading=\"lazy\" class=\"alignnone  wp-image-247\" title=\"Sceaux 2013 Bild 5\" src=\"wp-content\/uploads\/2013\/06\/Sceauxfahrt042013-Bild5-150x150.jpg\" alt=\"\" width=\"135\" height=\"135\" \/><\/a><a href=\"wp-content\/uploads\/2013\/06\/Sceauxfahrt042013-Bild6.jpg\"><img decoding=\"async\" loading=\"lazy\" class=\"alignnone  wp-image-244\" title=\"Sceaux 2013 Bild 6\" src=\"wp-content\/uploads\/2013\/06\/Sceauxfahrt042013-Bild6-150x150.jpg\" alt=\"\" width=\"135\" height=\"135\" \/><\/a><\/p>\n<p>Der Anfang war gelegt im St\u00e4dtchen Giverny, in den G\u00e4rten von Claude Monet, die noch heute zeigen, welche Farbenpracht diesen Impressionisten zu H\u00f6chstleistung getrieben hat. Seine Bilder h\u00e4ngen heute in den Museen der Welt, aber in seinem gro\u00dfz\u00fcgigen Wohnhaus sind die Kopien in Originalgr\u00f6\u00dfe so geh\u00e4ngt wie fr\u00fcher zu Lebzeiten des K\u00fcnstlers. Das n\u00e4chste Highlight durften wir in Roche Guyon, ebenfalls an der Seine n\u00f6rdlich von Paris, bewundern.<\/p>\n<div align=\"center\"><a href=\"wp-content\/uploads\/2013\/06\/Sceauxfahrt042013-Bild7.jpg\"><img decoding=\"async\" loading=\"lazy\" class=\"alignnone size-thumbnail wp-image-249\" title=\"Sceaux 2013 Bild 7\" src=\"wp-content\/uploads\/2013\/06\/Sceauxfahrt042013-Bild7-150x150.jpg\" alt=\"\" width=\"150\" height=\"150\" \/><\/a><a href=\"wp-content\/uploads\/2013\/06\/Sceauxfahrt042013-Bild8.jpg\"><img decoding=\"async\" loading=\"lazy\" class=\"alignnone size-thumbnail wp-image-250\" title=\"Sceaux 2013 Bild 8\" src=\"wp-content\/uploads\/2013\/06\/Sceauxfahrt042013-Bild8-150x150.jpg\" alt=\"\" width=\"150\" height=\"150\" \/><\/a><\/div>\n<p>Hier schmiegt sich eine Burg mit Anf\u00e4ngen im 9. Jahrhundert an die steile hohe Felswand das Seineufers, verbunden mit h\u00f6hlen und G\u00e4ngen im Felsen und gekr\u00f6nt von einem Burgfried (Donjon) der so schon beeindruckend ist, aber vor seiner teilweisen Zerst\u00f6rung w\u00e4hrend der franz\u00f6sischen Revolution noch wesentlich h\u00f6her gewesen sein muss. In diesem schloss haben sich wesentliche Abschnitte der franz\u00f6sischen Machtgeschichte abgespielt.. Abends fand dann das offizielle Diner auf Einladung des B\u00fcrgermeisters Philipe Laurent statt.<\/p>\n<div align=\"center\"><a href=\"wp-content\/uploads\/2013\/06\/DSC_Bild11.jpg\"><img decoding=\"async\" loading=\"lazy\" class=\"alignnone size-thumbnail wp-image-256\" title=\"Sceaux 2013 Bild 11\" src=\"wp-content\/uploads\/2013\/06\/DSC_Bild11-150x150.jpg\" alt=\"\" width=\"150\" height=\"150\" \/><\/a><a href=\"wp-content\/uploads\/2013\/06\/Sceauxfahrt042013-Bild12.jpg\"><img decoding=\"async\" loading=\"lazy\" class=\"alignnone size-thumbnail wp-image-253\" title=\"Sceaux 2013 Bild 12\" src=\"wp-content\/uploads\/2013\/06\/Sceauxfahrt042013-Bild12-150x150.jpg\" alt=\"\" width=\"150\" height=\"150\" \/><\/a><\/div>\n<p>Im sch\u00f6nen Ratssaal von Sceaux gab es k\u00f6stliche Speisen und eindringliche Reden, die daran erinnerten, dass durch die Deutsch-Franz\u00f6sische Freundschaft erstmals seit 2000 Jahren ein dauerhafter Frieden zwischen unseren beiden V\u00f6lkern entstanden ist, f\u00fcr den wir nicht dankbar genug sein k\u00f6nnen. Die Partnerschaft zwischen den St\u00e4dten und den Menschen ist aber erforderlich, um den frieden mit Leben zu erf\u00fcllen. Der n\u00e4chste H\u00f6hepunkt war der Pavillon de Bercy (mitten in Paris) mit dem Muse Forrain.<\/p>\n<div align=\"center\"><a href=\"wp-content\/uploads\/2013\/06\/Sceauxfahrt042013-Bild9.jpg\"><img decoding=\"async\" loading=\"lazy\" class=\"alignnone size-thumbnail wp-image-251\" title=\"Sceaux 2013 Bild 9\" src=\"wp-content\/uploads\/2013\/06\/Sceauxfahrt042013-Bild9-150x150.jpg\" alt=\"\" width=\"150\" height=\"150\" \/><\/a><a href=\"wp-content\/uploads\/2013\/06\/Sceauxfahrt042013-Bild10.jpg\"><img decoding=\"async\" loading=\"lazy\" class=\"alignnone size-thumbnail wp-image-252\" title=\"Sceaux 2013 Bild 10\" src=\"wp-content\/uploads\/2013\/06\/Sceauxfahrt042013-Bild10-150x150.jpg\" alt=\"\" width=\"150\" height=\"150\" \/><\/a><\/div>\n<p>Hier wird in einzigartiger Weise das Leben im Zirkus und auf Jahrm\u00e4rkten dargestellt. Den Abschluss bildete ein Abendessen, das vom Partnerverein Scai organisiert war. Hier konnten dann wieder intensive Gespr\u00e4che gef\u00fchrt werden. Nach herzlichem Abschied f\u00fchrte die Reise zur\u00fcck \u00fcber Metz mit dem Besuch der mittelalterlichen Kathedrale. Dort waren neben den alten Fenstern auch solche von Marc Chagall zu\u00a0 bewundern. bei der R\u00fcckkehr in Br\u00fchl dankten wir dann alle unserem Fahrer Rudi, der uns sicher geleitet hatte.<\/p>\n<div align=\"center\"><a href=\"wp-content\/uploads\/2013\/06\/Sceauxfahrt042013-Bild13.jpg\"><img decoding=\"async\" loading=\"lazy\" class=\"alignnone size-thumbnail wp-image-254\" title=\"Sceaux 2013 Bild 13\" src=\"wp-content\/uploads\/2013\/06\/Sceauxfahrt042013-Bild13-150x150.jpg\" alt=\"\" width=\"150\" height=\"150\" \/><\/a><a href=\"wp-content\/uploads\/2013\/06\/Sceauxfahrt042013-Bild14.jpg\"><img decoding=\"async\" loading=\"lazy\" class=\"alignnone size-thumbnail wp-image-255\" title=\"Sceaux 2013 Bild 14\" src=\"wp-content\/uploads\/2013\/06\/Sceauxfahrt042013-Bild14-150x150.jpg\" alt=\"\" width=\"150\" height=\"150\" \/><\/a><\/div>\n<\/div>\n","protected":false},"excerpt":{"rendered":"<p>Am 17. April reisten 35 Mitglieder des F\u00f6rdervereins f\u00fcr die St\u00e4dtepartnerschaft im bequemen Reisebus der Firma Hee\u00df aus Troisdorf nach Frankreich um den Besuch der Partnerstadt aus dem vorigen Jahr zu erwidern. Organisiert hatte die Reise traditionsgem\u00e4\u00df der Vorsitzende Hans Georg Wilhelm mit Unterst\u00fctzung von Frau Rosemarie Klemm, die auch die \u00dcbersetzung der offiziellen Reden &hellip; <\/p>\n<p><a class=\"more-link btn\" href=\"http:\/\/www.bruehler-staedtefreundschaften.de\/?p=237\">Weiterlesen<\/a><\/p>\n","protected":false},"author":1,"featured_media":0,"comment_status":"open","ping_status":"open","sticky":false,"template":"","format":"standard","meta":{"_uag_custom_page_level_css":"","footnotes":""},"categories":[1],"tags":[],"uagb_featured_image_src":{"full":false,"thumbnail":false,"medium":false,"medium_large":false,"large":false,"1536x1536":false,"2048x2048":false,"graphene_slider":false,"graphene_featured_image":false,"post-thumbnail":false,"rpwe-thumbnail":false},"uagb_author_info":{"display_name":"admin","author_link":"http:\/\/www.bruehler-staedtefreundschaften.de\/?author=1"},"uagb_comment_info":0,"uagb_excerpt":"Am 17. April reisten 35 Mitglieder des F\u00f6rdervereins f\u00fcr die St\u00e4dtepartnerschaft im bequemen Reisebus der Firma Hee\u00df aus Troisdorf nach Frankreich um den Besuch der Partnerstadt aus dem vorigen Jahr zu erwidern. Organisiert hatte die Reise traditionsgem\u00e4\u00df der Vorsitzende Hans Georg Wilhelm mit Unterst\u00fctzung von Frau Rosemarie Klemm, die auch die \u00dcbersetzung der offiziellen Reden&hellip;","_links":{"self":[{"href":"http:\/\/www.bruehler-staedtefreundschaften.de\/index.php?rest_route=\/wp\/v2\/posts\/237"}],"collection":[{"href":"http:\/\/www.bruehler-staedtefreundschaften.de\/index.php?rest_route=\/wp\/v2\/posts"}],"about":[{"href":"http:\/\/www.bruehler-staedtefreundschaften.de\/index.php?rest_route=\/wp\/v2\/types\/post"}],"author":[{"embeddable":true,"href":"http:\/\/www.bruehler-staedtefreundschaften.de\/index.php?rest_route=\/wp\/v2\/users\/1"}],"replies":[{"embeddable":true,"href":"http:\/\/www.bruehler-staedtefreundschaften.de\/index.php?rest_route=%2Fwp%2Fv2%2Fcomments&post=237"}],"version-history":[{"count":19,"href":"http:\/\/www.bruehler-staedtefreundschaften.de\/index.php?rest_route=\/wp\/v2\/posts\/237\/revisions"}],"predecessor-version":[{"id":346,"href":"http:\/\/www.bruehler-staedtefreundschaften.de\/index.php?rest_route=\/wp\/v2\/posts\/237\/revisions\/346"}],"wp:attachment":[{"href":"http:\/\/www.bruehler-staedtefreundschaften.de\/index.php?rest_route=%2Fwp%2Fv2%2Fmedia&parent=237"}],"wp:term":[{"taxonomy":"category","embeddable":true,"href":"http:\/\/www.bruehler-staedtefreundschaften.de\/index.php?rest_route=%2Fwp%2Fv2%2Fcategories&post=237"},{"taxonomy":"post_tag","embeddable":true,"href":"http:\/\/www.bruehler-staedtefreundschaften.de\/index.php?rest_route=%2Fwp%2Fv2%2Ftags&post=237"}],"curies":[{"name":"wp","href":"https:\/\/api.w.org\/{rel}","templated":true}]}}