{"id":272,"date":"2013-08-01T12:20:52","date_gmt":"2013-08-01T12:20:52","guid":{"rendered":"http:\/\/www.burnspage.de\/partnerschaft\/wordpress\/?p=272"},"modified":"2014-02-23T20:01:26","modified_gmt":"2014-02-23T20:01:26","slug":"272","status":"publish","type":"post","link":"http:\/\/www.bruehler-staedtefreundschaften.de\/?p=272","title":{"rendered":"40 Jahre St\u00e4dtepartnerschaft Br\u00fchl \u2013 Royal Leamington Spa"},"content":{"rendered":"<p style=\"text-align: center;\"><img decoding=\"async\" loading=\"lazy\" class=\"aligncenter size-medium wp-image-283\" title=\"Logo\" src=\"wp-content\/uploads\/2013\/08\/2013_logo-und-zusatz-foerderung-eu-300x133.jpg\" alt=\"\" width=\"300\" height=\"133\" srcset=\"https:\/\/www.bruehler-staedtefreundschaften.de\/wp-content\/uploads\/2013\/08\/2013_logo-und-zusatz-foerderung-eu-300x133.jpg 300w, https:\/\/www.bruehler-staedtefreundschaften.de\/wp-content\/uploads\/2013\/08\/2013_logo-und-zusatz-foerderung-eu.jpg 531w\" sizes=\"(max-width: 300px) 100vw, 300px\" \/><\/p>\n<p>&nbsp;<\/p>\n<div align=\"center\">\n<h3><strong>Festprogramm und B\u00fcrgerbegegnung\u00a0vom 2.Okt. bis 7.Okt. 2013 in Br\u00fchl<\/strong><\/h3>\n<p>&nbsp;<\/p>\n<\/div>\n<p><strong><span style=\"text-decoration: underline;\">Mittwoch, den 02.10.2013<\/span><\/strong><\/p>\n<p>Ab 18:00 Uhr &#8211; Jugendworkshop: Eine neue europ\u00e4ische Identit\u00e4t trotz Krise? Einf\u00fchrungsvortrag mit Prof. Dr. jur. Ludwig Schmahl.<\/p>\n<p>19:00 Uhr &#8211; Ankunft\/Empfang der G\u00e4ste in der Gesamtschule\u00a0Br\u00fchl-S\u00fcd, Otto-Wels-Stra\u00dfe<\/p>\n<p>19.30 Uhr &#8211; Begr\u00fc\u00dfungsvortrag\u00a0 des Landtagsabgeordneten Gregor Golland zur Entstehungsgeschichte des Landes NRW aus der britischen Besatzungszone im Jahre 1948 mit Hilfe der engl. Staatsf\u00fchrung.<\/p>\n<p>19:30 Uhr &#8211; J. &#8211; Workshop: Gemeinsamkeiten oder Unterschiede in Europa. Leitung: Herr Sautmann, Gesamtschule Br\u00fchl<\/p>\n<p><strong>\u00a0 <\/strong><\/p>\n<p><strong><span style=\"text-decoration: underline;\">Vom 01. Oktober bis 7. Oktober, Rathaus der Stadt Br\u00fchl, Uhlstra\u00dfe 3<\/span><\/strong><\/p>\n<p>&nbsp;<\/p>\n<ol>\n<li>Eine Europaausstellung des IPZ Bonn f\u00fcr diesen Zeitraum. &#8222;Wir in Europa &#8211; Europa f\u00fcr B\u00fcrgerinnen und B\u00fcrger&#8220; &#8211; Institut f\u00fcr europ\u00e4ische Partnerschaften und internationale Zusammenarbeit e.V.(IPZ)<strong>\u00a0<\/strong><\/li>\n<li>Darstellung der Stadt Br\u00fchl als europ\u00e4ische Stadt mit Ihren zwei Europaschulen und der Europ\u00e4ischen Fachhochschule (EU FH ).<\/li>\n<li>Darstellung der europ\u00e4ischen sowie internationalt\u00e4tigen Firmen aus Br\u00fchl in eigenen Ausstellungen.<\/li>\n<li>Am Tag der deutschen Einheit : Donnerstag, den 3. Okt. 2013 vor dem Rathaus, Uhlstr. 3, St\u00e4nde der Partnerschaftsst\u00e4dte mit einer Darstellung der Partnerst\u00e4dte sowie mit landestypischen Spezialit\u00e4ten und weiteren Attraktionen.<\/li>\n<\/ol>\n<p><strong>\u00a0<\/strong><\/p>\n<p><strong><span style=\"text-decoration: underline;\">Donnerstag, den 03.10.2013\u00a0<\/span><\/strong><strong>(Tag der Deutschen Einheit)<\/strong><\/p>\n<p>9.00 Uhr &#8211; \u00d6kumenischer Gottesdienst in der Kirche St. Margareta, Kirchstr.\/ Heinrich-Fetten-Platz<\/p>\n<p>10.00 Uhr \u00a0&#8211; Gang mit den B\u00fcrgermeistern der Partner- und Freundschaftsst\u00e4dte zum Rathaus.<\/p>\n<p>10.30 Uhr &#8211; Ansprache von B\u00fcrgermeister Michael Kreuzberg und den weiteren B\u00fcrgermeistern der Partnerst\u00e4dte vor dem Rathaus der Stadt Br\u00fchl, Uhlstrasse 3.<\/p>\n<p>11.30 Uhr &#8211; Europa vor Ort, Gestern und Heute. Das Jahr 2013: Europa f\u00fcr B\u00fcrgerinnen und B\u00fcrger<strong>. <\/strong>Rede von und mit G\u00fcnter Verheugen (ehemaliger EU-Kommissar).\u00a0&#8212;<span style=\"text-decoration: underline;\">Diese Veranstaltung findet im Ratssaal statt.&#8211;<\/span><\/p>\n<p>Ab 12.30 Uhr &#8211; Vor dem Rathaus, Uhlstrasse: Europafest, Infost\u00e4nde<strong>.\u00a0<\/strong>Bewirtung und Unterhaltung an den Partnerschaftsst\u00e4nden mit englischen, franz\u00f6sischen, polnischen und deutschen Spezialit\u00e4ten und Attraktionen. Standbesetzung bis 18.00 Uhr.<\/p>\n<p>15.00 Uhr &#8211; F\u00fchrung durch die Stadt Br\u00fchl mit den Br\u00fchler Stadtf\u00fchrerinnen f\u00fcr unsere englischen, franz\u00f6sischen, polnischen G\u00e4ste und die \u00dcbersetzerinnen. Treffpunkt: Br\u00fchl- Info.<\/p>\n<p>15.00 Uhr &#8211; Sportfest f\u00fcr Menschen mit und ohne Behinderung in Regie des BTV.\u00a0&#8222;Sport als neue Lebensqualit\u00e4t und Inklusionsm\u00f6glichkeit f\u00fcr alle B\u00fcrger&#8220; mit den Herren Stilz und Pohl (BTV), den Schulen und Sonderspa\u00df. Diese Veranstaltung findet in der BTV-Sporthalle in Br\u00fchl, von Wied Str. statt.<\/p>\n<p>16.00 Uhr &#8211; Die Bedeutung der EU und ihr Wahlrecht f\u00fcr unsere B\u00fcrgerinnen und B\u00fcrger. Vortrag und Diskussion mit Prof. Dr. jur. Ludwig Schmahl im Rathaus.<\/p>\n<p>18.00 Uhr &#8211; Internationales Musikfest der Partnerst\u00e4dte in Galerie am Schloss. Band\/Combo der Musikschule Br\u00fchl und der Myton School aus Royal \u00a0Leamington Spa.\u00a0<strong>Gleichzeitig findet dort eine Ausstellung des &#8222;Offenes Atelier&#8220; Br\u00fchl, mit 20 K\u00fcnstlerinnen und K\u00fcnstlern statt.<\/strong><\/p>\n<p>&nbsp;<\/p>\n<p><strong><span style=\"text-decoration: underline;\">Freitag, den 04.10.2013:<\/span><\/strong><\/p>\n<p>11.00 Uhr &#8211; Festakt zum 40 j\u00e4hrigen Bestehen der St\u00e4dtepartnerschaft\u00a0Br\u00fchl \u2013 Royal Leamington Spa\u00a0im Max Ernst Museum in Br\u00fchl, Comesstr. 42. In Anwesenheit aller lokaler Europaabgeordneten der Regionen f\u00fcr Br\u00fchl Herr Axel Voss MdEP, Sceaux, Royal Leamington Spa, Kunice und Chalkida.<\/p>\n<p style=\"text-align: center;\">\u00a0<strong>\u201eFestvortrag des Europaabgeordneten Herrn Axel Voss, MdEP\u201c<\/strong><\/p>\n<p align=\"center\"><strong>\u201eAktive Unionsb\u00fcrgerschaften durch St\u00e4dtepartnerschaften in der EU\u201c.<\/strong><\/p>\n<p align=\"center\"><strong>\u00a0<\/strong><\/p>\n<p>13.30 Uhr &#8211; Empfang des B\u00fcrgermeisters der Stadt Br\u00fchl\u00a0im Festsaal des Senioren- Wohnheims &#8211; Br\u00fchl, K\u00f6lnstr.74<\/p>\n<p><span style=\"text-decoration: underline;\">Die nachfolgenden Veranstaltungen finden in der Gesamtschule der Stadt Br\u00fchl statt<\/span><span style=\"text-decoration: underline;\">:<\/span><\/p>\n<p>13.00 Uhr:<\/p>\n<ol>\n<li>Jugendworkshop: Gemeinsamkeiten, Unterschiede in Europa mit Herrn Wissbach, Gesamtschule Br\u00fchl.<\/li>\n<li><strong>E<\/strong>rstw\u00e4hlerworkshop EU-Wahlen 2014: Herr Sautmann, Gesamtschule Br\u00fchl.<\/li>\n<li>Jugendworkshop: Finanzkrise und Jugendarbeitslosigkeit in Europa: Hr. Korais u. Miron (GR) und D. Freytag Stadtk\u00e4mmerer Br\u00fchl<\/li>\n<li>EU-Ausstellung &#8222;Wir in Europa&#8220;: Anna Noddeland, Leiterin IPZ <strong>(Rathaus Uhlstrasse 3!)<\/strong><\/li>\n<\/ol>\n<p>&nbsp;<\/p>\n<p>15.00 Uhr &#8211; Kunstwettbewerb f\u00fcr Jugendliche im Max Ernst Museum,\u00a0Br\u00fchl. Leitung Frau Dr. Foulon.\u00a0Europa k\u00fcnstlerisch darstellen \u2013Die Europaflagge.<\/p>\n<p>17.00 Uhr<strong> &#8211;\u00a0<\/strong>Veranstaltungsort: Festsaal des Senioren- Wohnheims &#8211; Br\u00fchl, K\u00f6lnstr.74,\u00a0Gespr\u00e4ch mit Zeitzeugen \u00fcber die Gr\u00fcndung der deutsch-englischen St\u00e4dtepartnerschaft Br\u00fchl \u2013 Leamington in 1973<strong>.\u00a0<\/strong><\/p>\n<p><strong><\/strong>Anschlie\u00dfend &#8211; Res\u00fcmee: &#8222;Zukunft unserer St\u00e4dtepartnerschaften&#8220; &#8211; Planen, f\u00f6rdern und betreuen von Schul-\/ Sport-\/Musikprojekten. Erfahrungsaustausch f\u00fcr Partnerschaftsmultiplikatoren mit den B\u00fcrgermeistern von Br\u00fchl, Royal Leamington Spa, Sceaux, Kunice und Chalkida, sowie den Partnerschaftsvereinsvorsitzenden und Vereins-vorsitzenden \u00f6rtlicher Gesellschaften und Vereinen. &#8211; Ende ca. 19.00 Uhr<strong>\u00a0 \u00a0\u00a0<\/strong><\/p>\n<p><strong>\u00a0<\/strong><\/p>\n<p><strong><\/strong><strong><span style=\"text-decoration: underline;\">Samstag, den 05.10.2013<\/span><\/strong><strong> :<\/strong><\/p>\n<p><strong>\u00a0V<\/strong>eranstaltungsort: Senioren Wohnheim Br\u00fchl, K\u00f6lnstr. 74.<\/p>\n<ul>\n<li>\u00a0Ab 10.00 Uhr Treffen der Vereinsmitglieder der Partnerschaftsst\u00e4dte zu den verschiedenen Offenen Gespr\u00e4chskreisen<\/li>\n<li>Gespr\u00e4chskreis: Europ\u00e4ische Kulturintegration durch St\u00e4dtepartnerschaften: Vorschl\u00e4ge &#8211; Umsetzung &#8211; Best Practice. &#8211; Herr Tony Bass, LITS- GB und Herr H.G. Wilhelm, FBS-Br\u00fchl.<\/li>\n<li>Gespr\u00e4chskreis: Integrationsarbeit in sozialen Projekten in einer \u00e4lter werdenden Gesellschaft in Europa. \u00a0&#8211; Herr W. H\u00e4gele, FBS u. Lilla Banach, PL<\/li>\n<\/ul>\n<p>&nbsp;<\/p>\n<p><strong><span style=\"text-decoration: underline;\">Ab 13.00 Uhr:\u00a0 F\u00fcr G\u00e4ste mit priv. Gastgebern zur freien Verf\u00fcgung!<\/span><\/strong><\/p>\n<p><strong><span style=\"text-decoration: underline;\">F\u00fcr G\u00e4ste mit Unterbringung im Hotel und weitere G\u00e4ste:<\/span><\/strong><\/p>\n<ul>\n<li>Gemeinsame europ\u00e4ische Kultur erleben am Beispiel der Stadt K\u00f6ln.<\/li>\n<\/ul>\n<p><strong>\u00a0\u00a0\u00a0\u00a0\u00a0\u00a0\u00a0\u00a0\u00a0\u00a0\u00a0\u00a0\u00a0\u00a0\u00a0\u00a0\u00a0\u00a0\u00a0\u00a0\u00a0\u00a0\u00a0\u00a0\u00a0\u00a0\u00a0\u00a0\u00a0\u00a0\u00a0\u00a0\u00a0\u00a0\u00a0\u00a0\u00a0\u00a0\u00a0 <\/strong><\/p>\n<p>13.15 Uhr &#8211; Abfahrt der Busse ab Senioren Wohnheim, K\u00f6lnstr.74: Besichtigungsfahrt in das r\u00f6mische K\u00f6ln, Dom, Pr\u00e4torium und\u00a0 einst\u00fcndige Rheinschifffahrt.<\/p>\n<p>ca. 18.30 Uhr &#8211; Abschluss und Abendessen in einem K\u00f6lner Brauhaus.<\/p>\n<p>21.00 Uhr &#8211;\u00a0R\u00fcckfahrt nach Br\u00fchl<strong>\u00a0<\/strong><\/p>\n<p>&nbsp;<\/p>\n<p><strong><span style=\"text-decoration: underline;\">Sonntag, den 06.10.2013<\/span><\/strong><strong> \u00a0\u00a0<\/strong><\/p>\n<p>10.00 Uhr &#8211; Die Unesco &#8211; Welterbest\u00e4tten in Deutschland auf dem Weg zu l\u00e4nder\u00fcbergreifenden Kulturbegegnungen in Europa. Powerpointpr\u00e4sentation von Herrn H. Wadehn. Danach Besuch des Max-Ernst-Museums und der Schl\u00f6sser\u00a0Falkenlust\u00a0 und Augustusburg mit F\u00fchrungen in englischer, franz\u00f6sischer und polnischer Sprache f\u00fcr die G\u00e4ste. (Veranstaltungsort Max-Ernst-Museum)<\/p>\n<p>&nbsp;<\/p>\n<div>10.30 Uhr &#8211; Veranstaltungsort Senioren Wohnheim Br\u00fchl, K\u00f6lnstr.74 &#8211; Gespr\u00e4chskreis: Ist das europ\u00e4ische Problem des demographischen Wandels durch Ehrenamt und Engagement der Generation 60Plus aufzufangen? &#8211; Herr Michael Wellnitz und Heinz Schmitz, Br\u00fchl<\/div>\n<p>EU-Ausstellung im Rathaus, Uhlstr. 3, Anna Noddeland, Institutsleiterin IPZ<\/p>\n<p>11.30 Uhr &#8211; Ergebnisse der Gespr\u00e4chskreise und gemeinsames Schlusskommunikee. Leitung:\u00a0 Andreas Brandt, 1. Beigeordneter der Stadt Br\u00fchl.\u00a0Darstellung einer f\u00fcr die europ\u00e4ische Kommunikation zust\u00e4ndigen Stelle in den jeweiligen Rath\u00e4usern der Partnerst\u00e4dte unter Mitwirkung und F\u00f6rderung durch die Partnerschaftsvereine der jeweiligen St\u00e4dte. (Veranstaltungsort Senioren Wohnheim Br\u00fchl, K\u00f6lnstr.74)<\/p>\n<p>12.15 Uhr &#8211; F\u00fcr G\u00e4ste mit Unterbringung im Hotel, Mittagessen im Senioren Wohnheim, K\u00f6lnstr.74.<\/p>\n<p>13.15 Uhr &#8211;\u00a0Abfahrt der Busse ab Senioren Wohnheim, K\u00f6lnstr.74 zur Kulturfahrt ins Ahrtal, Besichtigungen r\u00f6mischer Ausgrabungen und\u00a0der Klosteranlage Marienthal.<\/p>\n<p>18.00 Uhr:\u00a0 Musik \u00fcber Grenzen hinweg Workshop mit Vorf\u00fchrungen. Leitung: Karel Jokusch, Br\u00fchl und Frau Edwards, Leamington. Teilnahme der Myton School, Royal Leamington Spa und der Musikschule der Stadt Br\u00fchl.\u00a0Diese Veranstaltung findet in den R\u00e4umen und im\u00a0Treppenhaus der Kunst- und Musikschule der Stadt\u00a0Br\u00fchl, Liblarer Strasse 12-14<\/p>\n<p>20.00 Uhr &#8211; Gemeinsame Abschlussveranstaltung<strong>\u00a0<\/strong>Einladung zum festlichen Abendessen des F\u00f6rdervereins Br\u00fchler St\u00e4dtefreundschaften im Festsaal des Senioren Wohnheims Br\u00fchl, K\u00f6lnstr.74<\/p>\n<p>&nbsp;<\/p>\n<p><strong><span style=\"text-decoration: underline;\">Montag, den 07.10.2013<\/span><\/strong><\/p>\n<p>Ab ca. 9.30 Uhr Abreise der G\u00e4ste.<\/p>\n<p><strong>\u00a0<\/strong><strong><span style=\"text-decoration: underline;\">\u00c4NDERUNGEN vorbehalten!\u00a0<\/span><\/strong><\/p>\n","protected":false},"excerpt":{"rendered":"<p>&nbsp; Festprogramm und B\u00fcrgerbegegnung\u00a0vom 2.Okt. bis 7.Okt. 2013 in Br\u00fchl &nbsp; Mittwoch, den 02.10.2013 Ab 18:00 Uhr &#8211; Jugendworkshop: Eine neue europ\u00e4ische Identit\u00e4t trotz Krise? Einf\u00fchrungsvortrag mit Prof. Dr. jur. Ludwig Schmahl. 19:00 Uhr &#8211; Ankunft\/Empfang der G\u00e4ste in der Gesamtschule\u00a0Br\u00fchl-S\u00fcd, Otto-Wels-Stra\u00dfe 19.30 Uhr &#8211; Begr\u00fc\u00dfungsvortrag\u00a0 des Landtagsabgeordneten Gregor Golland zur Entstehungsgeschichte des Landes NRW &hellip; <\/p>\n<p><a class=\"more-link btn\" href=\"http:\/\/www.bruehler-staedtefreundschaften.de\/?p=272\">Weiterlesen<\/a><\/p>\n","protected":false},"author":1,"featured_media":0,"comment_status":"open","ping_status":"open","sticky":false,"template":"","format":"standard","meta":{"_uag_custom_page_level_css":"","footnotes":""},"categories":[1],"tags":[],"uagb_featured_image_src":{"full":false,"thumbnail":false,"medium":false,"medium_large":false,"large":false,"1536x1536":false,"2048x2048":false,"graphene_slider":false,"graphene_featured_image":false,"post-thumbnail":false,"rpwe-thumbnail":false},"uagb_author_info":{"display_name":"admin","author_link":"http:\/\/www.bruehler-staedtefreundschaften.de\/?author=1"},"uagb_comment_info":0,"uagb_excerpt":"&nbsp; Festprogramm und B\u00fcrgerbegegnung\u00a0vom 2.Okt. bis 7.Okt. 2013 in Br\u00fchl &nbsp; Mittwoch, den 02.10.2013 Ab 18:00 Uhr &#8211; Jugendworkshop: Eine neue europ\u00e4ische Identit\u00e4t trotz Krise? Einf\u00fchrungsvortrag mit Prof. Dr. jur. Ludwig Schmahl. 19:00 Uhr &#8211; Ankunft\/Empfang der G\u00e4ste in der Gesamtschule\u00a0Br\u00fchl-S\u00fcd, Otto-Wels-Stra\u00dfe 19.30 Uhr &#8211; Begr\u00fc\u00dfungsvortrag\u00a0 des Landtagsabgeordneten Gregor Golland zur Entstehungsgeschichte des Landes NRW&hellip;","_links":{"self":[{"href":"http:\/\/www.bruehler-staedtefreundschaften.de\/index.php?rest_route=\/wp\/v2\/posts\/272"}],"collection":[{"href":"http:\/\/www.bruehler-staedtefreundschaften.de\/index.php?rest_route=\/wp\/v2\/posts"}],"about":[{"href":"http:\/\/www.bruehler-staedtefreundschaften.de\/index.php?rest_route=\/wp\/v2\/types\/post"}],"author":[{"embeddable":true,"href":"http:\/\/www.bruehler-staedtefreundschaften.de\/index.php?rest_route=\/wp\/v2\/users\/1"}],"replies":[{"embeddable":true,"href":"http:\/\/www.bruehler-staedtefreundschaften.de\/index.php?rest_route=%2Fwp%2Fv2%2Fcomments&post=272"}],"version-history":[{"count":16,"href":"http:\/\/www.bruehler-staedtefreundschaften.de\/index.php?rest_route=\/wp\/v2\/posts\/272\/revisions"}],"predecessor-version":[{"id":345,"href":"http:\/\/www.bruehler-staedtefreundschaften.de\/index.php?rest_route=\/wp\/v2\/posts\/272\/revisions\/345"}],"wp:attachment":[{"href":"http:\/\/www.bruehler-staedtefreundschaften.de\/index.php?rest_route=%2Fwp%2Fv2%2Fmedia&parent=272"}],"wp:term":[{"taxonomy":"category","embeddable":true,"href":"http:\/\/www.bruehler-staedtefreundschaften.de\/index.php?rest_route=%2Fwp%2Fv2%2Fcategories&post=272"},{"taxonomy":"post_tag","embeddable":true,"href":"http:\/\/www.bruehler-staedtefreundschaften.de\/index.php?rest_route=%2Fwp%2Fv2%2Ftags&post=272"}],"curies":[{"name":"wp","href":"https:\/\/api.w.org\/{rel}","templated":true}]}}