{"id":356,"date":"2014-05-12T07:39:35","date_gmt":"2014-05-12T07:39:35","guid":{"rendered":"http:\/\/www.bruehler-staedtefreundschaften.de\/?p=356"},"modified":"2014-05-13T05:39:31","modified_gmt":"2014-05-13T05:39:31","slug":"50-jahre-staedtepartnerschaft-bruehl-sceaux","status":"publish","type":"post","link":"http:\/\/www.bruehler-staedtefreundschaften.de\/?p=356","title":{"rendered":"50 Jahre St\u00e4dtepartnerschaft Br\u00fchl &#8211; Sceaux"},"content":{"rendered":"<p>Hier finden Sie das aktuelle (vorl\u00e4ufige) Festprogramm zur 50j\u00e4hrigen St\u00e4dtepartnerschaft zwischen Br\u00fchl und Sceaux vom 5. Juni bis 9. Juni 2014 in Br\u00fchl. Sobald sich \u00c4nderungen ergeben, wird das Dokument erg\u00e4nzt und eine Info in diesen Beitrag eingef\u00fcgt.<\/p>\n<p>Aktualisierung vom 12.05.2014 eingepflegt!<\/p>\n<blockquote><p><strong>Festprogramm (Stand 12.05.2014):<\/strong><br \/>\n<a href=\"http:\/\/www.bruehler-staedtefreundschaften.de\/wp-content\/uploads\/2014\/03\/festprogramm_sceaux_2014_v3.pdf \" target=\"_blank\"><img decoding=\"async\" loading=\"lazy\" alt=\"\" src=\"http:\/\/www.bruehler-staedtefreundschaften.de\/wp-content\/uploads\/2012\/09\/pdf-icon.png\" width=\"120\" height=\"120\" \/><\/a><\/p><\/blockquote>\n","protected":false},"excerpt":{"rendered":"<p>Hier finden Sie das aktuelle (vorl\u00e4ufige) Festprogramm zur 50j\u00e4hrigen St\u00e4dtepartnerschaft zwischen Br\u00fchl und Sceaux vom 5. Juni bis 9. Juni 2014 in Br\u00fchl. Sobald sich \u00c4nderungen ergeben, wird das Dokument erg\u00e4nzt und eine Info in diesen Beitrag eingef\u00fcgt. Aktualisierung vom 12.05.2014 eingepflegt! Festprogramm (Stand 12.05.2014):<\/p>\n","protected":false},"author":1,"featured_media":0,"comment_status":"open","ping_status":"open","sticky":false,"template":"","format":"standard","meta":{"_uag_custom_page_level_css":"","footnotes":""},"categories":[1],"tags":[],"uagb_featured_image_src":{"full":false,"thumbnail":false,"medium":false,"medium_large":false,"large":false,"1536x1536":false,"2048x2048":false,"graphene_slider":false,"graphene_featured_image":false,"post-thumbnail":false,"rpwe-thumbnail":false},"uagb_author_info":{"display_name":"admin","author_link":"http:\/\/www.bruehler-staedtefreundschaften.de\/?author=1"},"uagb_comment_info":0,"uagb_excerpt":"Hier finden Sie das aktuelle (vorl\u00e4ufige) Festprogramm zur 50j\u00e4hrigen St\u00e4dtepartnerschaft zwischen Br\u00fchl und Sceaux vom 5. Juni bis 9. Juni 2014 in Br\u00fchl. Sobald sich \u00c4nderungen ergeben, wird das Dokument erg\u00e4nzt und eine Info in diesen Beitrag eingef\u00fcgt. Aktualisierung vom 12.05.2014 eingepflegt! Festprogramm (Stand 12.05.2014):","_links":{"self":[{"href":"http:\/\/www.bruehler-staedtefreundschaften.de\/index.php?rest_route=\/wp\/v2\/posts\/356"}],"collection":[{"href":"http:\/\/www.bruehler-staedtefreundschaften.de\/index.php?rest_route=\/wp\/v2\/posts"}],"about":[{"href":"http:\/\/www.bruehler-staedtefreundschaften.de\/index.php?rest_route=\/wp\/v2\/types\/post"}],"author":[{"embeddable":true,"href":"http:\/\/www.bruehler-staedtefreundschaften.de\/index.php?rest_route=\/wp\/v2\/users\/1"}],"replies":[{"embeddable":true,"href":"http:\/\/www.bruehler-staedtefreundschaften.de\/index.php?rest_route=%2Fwp%2Fv2%2Fcomments&post=356"}],"version-history":[{"count":9,"href":"http:\/\/www.bruehler-staedtefreundschaften.de\/index.php?rest_route=\/wp\/v2\/posts\/356\/revisions"}],"predecessor-version":[{"id":386,"href":"http:\/\/www.bruehler-staedtefreundschaften.de\/index.php?rest_route=\/wp\/v2\/posts\/356\/revisions\/386"}],"wp:attachment":[{"href":"http:\/\/www.bruehler-staedtefreundschaften.de\/index.php?rest_route=%2Fwp%2Fv2%2Fmedia&parent=356"}],"wp:term":[{"taxonomy":"category","embeddable":true,"href":"http:\/\/www.bruehler-staedtefreundschaften.de\/index.php?rest_route=%2Fwp%2Fv2%2Fcategories&post=356"},{"taxonomy":"post_tag","embeddable":true,"href":"http:\/\/www.bruehler-staedtefreundschaften.de\/index.php?rest_route=%2Fwp%2Fv2%2Ftags&post=356"}],"curies":[{"name":"wp","href":"https:\/\/api.w.org\/{rel}","templated":true}]}}