{"id":370,"date":"2014-03-27T16:33:27","date_gmt":"2014-03-27T16:33:27","guid":{"rendered":"http:\/\/www.bruehler-staedtefreundschaften.de\/?p=370"},"modified":"2014-04-06T17:05:13","modified_gmt":"2014-04-06T17:05:13","slug":"neuer-vorstand","status":"publish","type":"post","link":"http:\/\/www.bruehler-staedtefreundschaften.de\/?p=370","title":{"rendered":"Neuer Vorstand"},"content":{"rendered":"<p>Liebe Besucher des F\u00f6rdervereins Br\u00fchler St\u00e4dtefreundschaften e.V.,<\/p>\n<p>am 26.03.2014 wurde ein neuer <a href=\"http:\/\/www.bruehler-staedtefreundschaften.de\/?page_id=79\" title=\"Vorstand\">Vorstand<\/a> f\u00fcr den F\u00f6rderverein Br\u00fchler St\u00e4dtefreundschaften e.V gew\u00e4hlt:<\/p>\n<p><strong>1. Vorsitzender:<\/strong> Michael Wellnitz<br \/>\n<strong>Stellv. Vorsitzender:<\/strong> Wilfired H\u00e4gele<br \/>\n<strong>Schatzmeisterin:<\/strong> Birgit Alexi<br \/>\n<strong>Gesch\u00e4ftsf\u00fchrerin:<\/strong> Regina Fornalczyk<br \/>\n<strong>Vertreter der Stadtverwaltung Br\u00fchl:<\/strong> Roland Mohlberg<\/p>\n<p>Als Beisitzer bis zum Abschluss des Jubil\u00e4ums 50 Jahre Br\u00fchl &#8211; Sceaux:<\/p>\n<p><strong>1. Beisitzer:<\/strong> Hans Georg Wilhelm<br \/>\n<strong>2. Beisitzer:<\/strong> Hans Illger<\/p>\n","protected":false},"excerpt":{"rendered":"<p>Liebe Besucher des F\u00f6rdervereins Br\u00fchler St\u00e4dtefreundschaften e.V., am 26.03.2014 wurde ein neuer Vorstand f\u00fcr den F\u00f6rderverein Br\u00fchler St\u00e4dtefreundschaften e.V gew\u00e4hlt: 1. Vorsitzender: Michael Wellnitz Stellv. Vorsitzender: Wilfired H\u00e4gele Schatzmeisterin: Birgit Alexi Gesch\u00e4ftsf\u00fchrerin: Regina Fornalczyk Vertreter der Stadtverwaltung Br\u00fchl: Roland Mohlberg Als Beisitzer bis zum Abschluss des Jubil\u00e4ums 50 Jahre Br\u00fchl &#8211; Sceaux: 1. Beisitzer: Hans &hellip; <\/p>\n<p><a class=\"more-link btn\" href=\"http:\/\/www.bruehler-staedtefreundschaften.de\/?p=370\">Weiterlesen<\/a><\/p>\n","protected":false},"author":1,"featured_media":0,"comment_status":"open","ping_status":"open","sticky":false,"template":"","format":"standard","meta":{"_uag_custom_page_level_css":"","footnotes":""},"categories":[1],"tags":[],"uagb_featured_image_src":{"full":false,"thumbnail":false,"medium":false,"medium_large":false,"large":false,"1536x1536":false,"2048x2048":false,"graphene_slider":false,"graphene_featured_image":false,"post-thumbnail":false,"rpwe-thumbnail":false},"uagb_author_info":{"display_name":"admin","author_link":"http:\/\/www.bruehler-staedtefreundschaften.de\/?author=1"},"uagb_comment_info":0,"uagb_excerpt":"Liebe Besucher des F\u00f6rdervereins Br\u00fchler St\u00e4dtefreundschaften e.V., am 26.03.2014 wurde ein neuer Vorstand f\u00fcr den F\u00f6rderverein Br\u00fchler St\u00e4dtefreundschaften e.V gew\u00e4hlt: 1. Vorsitzender: Michael Wellnitz Stellv. Vorsitzender: Wilfired H\u00e4gele Schatzmeisterin: Birgit Alexi Gesch\u00e4ftsf\u00fchrerin: Regina Fornalczyk Vertreter der Stadtverwaltung Br\u00fchl: Roland Mohlberg Als Beisitzer bis zum Abschluss des Jubil\u00e4ums 50 Jahre Br\u00fchl &#8211; Sceaux: 1. Beisitzer: Hans&hellip;","_links":{"self":[{"href":"http:\/\/www.bruehler-staedtefreundschaften.de\/index.php?rest_route=\/wp\/v2\/posts\/370"}],"collection":[{"href":"http:\/\/www.bruehler-staedtefreundschaften.de\/index.php?rest_route=\/wp\/v2\/posts"}],"about":[{"href":"http:\/\/www.bruehler-staedtefreundschaften.de\/index.php?rest_route=\/wp\/v2\/types\/post"}],"author":[{"embeddable":true,"href":"http:\/\/www.bruehler-staedtefreundschaften.de\/index.php?rest_route=\/wp\/v2\/users\/1"}],"replies":[{"embeddable":true,"href":"http:\/\/www.bruehler-staedtefreundschaften.de\/index.php?rest_route=%2Fwp%2Fv2%2Fcomments&post=370"}],"version-history":[{"count":3,"href":"http:\/\/www.bruehler-staedtefreundschaften.de\/index.php?rest_route=\/wp\/v2\/posts\/370\/revisions"}],"predecessor-version":[{"id":373,"href":"http:\/\/www.bruehler-staedtefreundschaften.de\/index.php?rest_route=\/wp\/v2\/posts\/370\/revisions\/373"}],"wp:attachment":[{"href":"http:\/\/www.bruehler-staedtefreundschaften.de\/index.php?rest_route=%2Fwp%2Fv2%2Fmedia&parent=370"}],"wp:term":[{"taxonomy":"category","embeddable":true,"href":"http:\/\/www.bruehler-staedtefreundschaften.de\/index.php?rest_route=%2Fwp%2Fv2%2Fcategories&post=370"},{"taxonomy":"post_tag","embeddable":true,"href":"http:\/\/www.bruehler-staedtefreundschaften.de\/index.php?rest_route=%2Fwp%2Fv2%2Ftags&post=370"}],"curies":[{"name":"wp","href":"https:\/\/api.w.org\/{rel}","templated":true}]}}