{"id":781,"date":"2025-08-10T12:01:32","date_gmt":"2025-08-10T10:01:32","guid":{"rendered":"https:\/\/www.bruehler-staedtefreundschaften.de\/?p=781"},"modified":"2025-08-10T12:01:34","modified_gmt":"2025-08-10T10:01:34","slug":"fbs-am-tag-der-freundschaft","status":"publish","type":"post","link":"http:\/\/www.bruehler-staedtefreundschaften.de\/?p=781","title":{"rendered":"FBS am Tag der Freundschaft"},"content":{"rendered":"\n<p>Am 29. Juli 2025 trafen sich einige FBS-Mitglieder mit einem Journalisten des Westdeutschen Rundfunks (WDR) in Br\u00fchl, um \u00fcber den Wert von St\u00e4dtepartnerschaften zu sprechen. Anlass war der j\u00e4hrliche &#8222;Internationale Tag der Freundschaft&#8220; am 30. Juli. Der aus dem Treffen resultierende, in der WDR-&#8222;Lokalzeit&#8220; am 30. Juli 2025 ausgestrahlte Fernsehbeitrag kann in der WDR-Mediathek abgerufen werden. (Aus rechtlichen Gr\u00fcnden ist eine Verlinkung hier auf der FBS-Website nicht m\u00f6glich.)<\/p>\n","protected":false},"excerpt":{"rendered":"<p>Am 29. Juli 2025 trafen sich einige FBS-Mitglieder mit einem Journalisten des Westdeutschen Rundfunks (WDR) in Br\u00fchl, um \u00fcber den Wert von St\u00e4dtepartnerschaften zu sprechen. Anlass war der j\u00e4hrliche &#8222;Internationale Tag der Freundschaft&#8220; am 30. Juli. Der aus dem Treffen resultierende, in der WDR-&#8222;Lokalzeit&#8220; am 30. Juli 2025 ausgestrahlte Fernsehbeitrag kann in der WDR-Mediathek abgerufen &hellip; <\/p>\n<p><a class=\"more-link btn\" href=\"http:\/\/www.bruehler-staedtefreundschaften.de\/?p=781\">Weiterlesen<\/a><\/p>\n","protected":false},"author":133,"featured_media":0,"comment_status":"closed","ping_status":"closed","sticky":false,"template":"","format":"standard","meta":{"_uag_custom_page_level_css":"","footnotes":""},"categories":[15],"tags":[],"uagb_featured_image_src":{"full":false,"thumbnail":false,"medium":false,"medium_large":false,"large":false,"1536x1536":false,"2048x2048":false,"graphene_slider":false,"graphene_featured_image":false,"post-thumbnail":false,"rpwe-thumbnail":false},"uagb_author_info":{"display_name":"Matthias Schirmeier","author_link":"http:\/\/www.bruehler-staedtefreundschaften.de\/?author=133"},"uagb_comment_info":0,"uagb_excerpt":"Am 29. Juli 2025 trafen sich einige FBS-Mitglieder mit einem Journalisten des Westdeutschen Rundfunks (WDR) in Br\u00fchl, um \u00fcber den Wert von St\u00e4dtepartnerschaften zu sprechen. Anlass war der j\u00e4hrliche &#8222;Internationale Tag der Freundschaft&#8220; am 30. Juli. Der aus dem Treffen resultierende, in der WDR-&#8222;Lokalzeit&#8220; am 30. Juli 2025 ausgestrahlte Fernsehbeitrag kann in der WDR-Mediathek abgerufen&hellip;","_links":{"self":[{"href":"http:\/\/www.bruehler-staedtefreundschaften.de\/index.php?rest_route=\/wp\/v2\/posts\/781"}],"collection":[{"href":"http:\/\/www.bruehler-staedtefreundschaften.de\/index.php?rest_route=\/wp\/v2\/posts"}],"about":[{"href":"http:\/\/www.bruehler-staedtefreundschaften.de\/index.php?rest_route=\/wp\/v2\/types\/post"}],"author":[{"embeddable":true,"href":"http:\/\/www.bruehler-staedtefreundschaften.de\/index.php?rest_route=\/wp\/v2\/users\/133"}],"replies":[{"embeddable":true,"href":"http:\/\/www.bruehler-staedtefreundschaften.de\/index.php?rest_route=%2Fwp%2Fv2%2Fcomments&post=781"}],"version-history":[{"count":1,"href":"http:\/\/www.bruehler-staedtefreundschaften.de\/index.php?rest_route=\/wp\/v2\/posts\/781\/revisions"}],"predecessor-version":[{"id":782,"href":"http:\/\/www.bruehler-staedtefreundschaften.de\/index.php?rest_route=\/wp\/v2\/posts\/781\/revisions\/782"}],"wp:attachment":[{"href":"http:\/\/www.bruehler-staedtefreundschaften.de\/index.php?rest_route=%2Fwp%2Fv2%2Fmedia&parent=781"}],"wp:term":[{"taxonomy":"category","embeddable":true,"href":"http:\/\/www.bruehler-staedtefreundschaften.de\/index.php?rest_route=%2Fwp%2Fv2%2Fcategories&post=781"},{"taxonomy":"post_tag","embeddable":true,"href":"http:\/\/www.bruehler-staedtefreundschaften.de\/index.php?rest_route=%2Fwp%2Fv2%2Ftags&post=781"}],"curies":[{"name":"wp","href":"https:\/\/api.w.org\/{rel}","templated":true}]}}